{"id":9608,"date":"2014-04-23T11:45:00","date_gmt":"2014-04-23T09:45:00","guid":{"rendered":"http:\/\/www.addkenmerken.net\/?p=9608"},"modified":"2019-09-30T15:52:10","modified_gmt":"2019-09-30T13:52:10","slug":"ingrid-vivant-avec-un-borderline-et-un-adhd","status":"publish","type":"post","link":"https:\/\/www.addkenmerken.net\/fr\/ingrid-leven-met-borderline-en-adhd\/","title":{"rendered":"La vie intense d'Ingrid avec Borderline et le TDAH"},"content":{"rendered":"<aside class=\"mashsb-container mashsb-main mashsb-stretched\"><div class=\"mashsb-box\"><div class=\"mashsb-count mash-large\" style=\"float:left\"><div class=\"counts mashsbcount\">114<\/div><span class=\"mashsb-sharetext\">temps partag\u00e9<\/span><\/div><div class=\"mashsb-buttons\"><a class=\"mashicon-facebook mash-large mash-center mashsb-noshadow\" href=\"https:\/\/www.facebook.com\/sharer.php?u=https%3A%2F%2Fwww.addkenmerken.net%2Ffr%2Fingrid-leven-met-borderline-en-adhd%2F%3Futm_source%3Dsharebuttons%26utm_medium%3Dfacebook%26utm_campaign%3Dmashshare\" target=\"_top\" rel=\"nofollow\"><span class=\"icon\"><\/span><span class=\"text\">Partager<\/span><\/a><a class=\"mashicon-twitter mash-large mash-center mashsb-noshadow\" href=\"https:\/\/twitter.com\/intent\/tweet?text=&amp;url=https:\/\/www.addkenmerken.net\/fr\/?p=9608&amp;via=krachtvanADHD\" target=\"_top\" rel=\"nofollow\"><span class=\"icon\"><\/span><span class=\"text\">Tweet<\/span><\/a><div class=\"onoffswitch2 mash-large mashsb-noshadow\" style=\"display:none\"><\/div><\/div>\n            <\/div>\n                <div style=\"clear:both\"><\/div><\/aside>\n            <!-- Share buttons by mashshare.net - Version: 4.0.47--><p><em>Soumis l'histoire d'Ingrid sur sa vie avec le TDAH et Borderline<\/em><\/p>\n<h2><span style=\"color: #000000;\">Un programme de traitement long et ardu pour Borderline, apr\u00e8s lequel le TDAH a \u00e9t\u00e9 diagnostiqu\u00e9 plus tard.<\/span><\/h2>\n<figure id=\"attachment_9660\" aria-describedby=\"caption-attachment-9660\" style=\"width: 225px\" class=\"wp-caption alignright\"><img loading=\"lazy\" decoding=\"async\" class=\"size-medium wp-image-9660\" src=\"https:\/\/www.addkenmerken.net\/wp-content\/uploads\/2014\/04\/Borderline-persoonlijkheidsstoornis-BPS1-225x300.jpg\" alt=\"Borderline et ADHD, je n&#039;aime pas les cabines !\" width=\"225\" height=\"300\" title=\"\" srcset=\"https:\/\/www.addkenmerken.net\/wp-content\/uploads\/2014\/04\/Borderline-persoonlijkheidsstoornis-BPS1-225x300.jpg 225w, https:\/\/www.addkenmerken.net\/wp-content\/uploads\/2014\/04\/Borderline-persoonlijkheidsstoornis-BPS1.jpg 480w\" sizes=\"auto, (max-width: 225px) 100vw, 225px\"><figcaption id=\"caption-attachment-9660\" class=\"wp-caption-text\"><em>Je souffre de TDAH, je n'aime pas la vie de cadre !<\/em><\/figcaption><\/figure>\n<p>Depuis 1998, j'ai \u00e9t\u00e9 trait\u00e9 pour le BPS (<span style=\"font-weight: bold; color: #000000;\">Trouble de la personnalit\u00e9 limite)<\/span>. Des tonnes de m\u00e9dicaments qui n'ont fait que me rendre plus \"fou\" et je ne sais pas combien d'heures de traitement suppl\u00e9mentaires j'ai perdu la moiti\u00e9 de ma famille, ma famille et beaucoup de mes amis. Mon mariage sur les falaises et un oc\u00e9an de larmes a pleur\u00e9. La d\u00e9pression et la d\u00e9pendance ont \u00e9t\u00e9 surmont\u00e9es. Mais c'est toujours cette agitation int\u00e9rieure et ce chaos dans ma t\u00eate. Des pansements tr\u00e8s rapides sont faits dans ma t\u00eate. Jamais le vide dont on parle au BPS, seulement le surpeuplement. Ce qui fait aussi de moi\u00a0<span style=\"color: #3e454c;\">automatiser<\/span>\u00a0(se couper) depuis que j'ai 11 ans. \"trous d'air\", je l'ai appel\u00e9. Je comprends comment le diagnostic a \u00e9t\u00e9 \u00e9tabli, mais je n'ai jamais cherch\u00e9 plus loin.<\/p>\n<p>Apr\u00e8s un traitement aussi d\u00e9cevant, j'ai entam\u00e9 une proc\u00e9dure de plainte et, apr\u00e8s 14 ans de traitement, j'ai demand\u00e9 une enqu\u00eate approfondie. J'ai re\u00e7u de cet organisme mes droits et mes excuses. Il semble \u00e0 pr\u00e9sent que je <strong><a title=\"Qu&#039;est-ce que le TDAH ? (Trouble d\u00e9ficitaire de l&#039;attention avec hyperactivit\u00e9)\" href=\"https:\/\/www.addkenmerken.net\/fr\/caracteristiques-des-troubles-de-lattention\/\">ADHD<\/a><\/strong> et si elle n'est pas trait\u00e9e en premier, les autres traitements pour d'\u00e9ventuelles autres plaintes sont inutiles. Je pourrais continuer \u00e0 me plaindre dans le cadre de ma proc\u00e9dure de r\u00e9clamation, mais j'ai d\u00e9cid\u00e9 pour ma part que j'ai d\u00e9j\u00e0 perdu trop de temps et d'argent.<\/p>\n<p>Avec beaucoup d'efforts, surtout en confiance ( !) j'ai rejoint une autre institution plus petite de la GGZ et un monde s'ouvre \u00e0 moi et je vois la lumi\u00e8re au bout du tunnel encore long. Je re\u00e7ois des conseils utiles pour m'arr\u00eater et me structurer. J'ai toujours tendance \u00e0 continuer \u00e0 trotter. Je le sais maintenant. Mais j'ai enfin une paire de r\u00eanes ! poo-hoo ! Quel soulagement ! Entra\u00eenez-vous ! J'essaie de donner \u00e0 la douleur de ce que j'ai perdu une place et de construire un tout nouvel avenir. C'est un nouveau jour, c'est une nouvelle vie et je me sens... changer de LOL !<\/p>\n<p>J'\u00e9cris cela publiquement parce que je voudrais partager le fait qu'il reste Ooh tellement important de tenir ses propres ficelles, m\u00eame dans les institutions. Et je tiens \u00e0 d\u00e9noncer le fait que je trouve scandaleux que, lorsque vous \u00eates malade et d\u00e9pendant d'une assistance, vous soyez trait\u00e9 de mani\u00e8re aussi laxiste et facile avec vous en tant qu'\u00eatre humain et votre diagnostic. Pendant des ann\u00e9es, par exemple, j'ai cru \u00eatre trait\u00e9 par un psychologue tout en ayant des \"conversations de soutien\" avec un infirmier psychiatrique. C'est pourquoi elle n'a jamais voulu approfondir les th\u00e8mes quand je le lui ai demand\u00e9. Pendant longtemps, j'ai \u00e9t\u00e9 passive et j'ai subi mon \"traitement\". (Que voulez-vous quand vous \u00eates d\u00e9prim\u00e9 ?!)<\/p>\n<p>Malheureusement, personne autour de moi n'a sonn\u00e9 l'alarme.<br \/>Je me suis battue pendant toutes ces ann\u00e9es avec les enfants. Les enfants qui, sans aucun doute, ont eu une sacr\u00e9e claque. Sans parler de l'intervention du BJZ qui a laiss\u00e9 beaucoup \u00e0 d\u00e9sirer. Malheureusement, nous ne faisons confiance \u00e0 aucun d'entre eux. Mais ce qui ne vous tue pas vous rend plus fort ! !!<\/p>\n<p>Ce que j'essaie de dire...<br \/>R\u00e9ductions dans les soins ? ???<br \/>INVESTISSEURS !!!<br \/>Assurez-vous que les soins fonctionnent efficacement !<br \/>QUE DES CHEVRONS !!!!<br \/>C'est pourquoi j'aimerais bien me mettre \u00e0 poil si quelqu'un... quelqu'un apprend quelque chose !<\/p>\n<p>Saluer Ingrid<\/p>\n\n\n<div class=\"wp-block-uagb-marketing-button uagb-marketing-btn__outer-wrap uagb-marketing-btn__align-center uagb-marketing-btn__align-text-center uagb-marketing-btn__icon-before\" id=\"uagb-marketing-btn-bc07d9fd-afab-465d-bd82-96e12407b527\"><div class=\"uagb-marketing-btn__wrap\"><a href=\"https:\/\/www.addkenmerken.net\/fr\/categorie\/histoires-de-vie\/\" class=\"uagb-marketing-btn__link\" target=\"\" rel=\"noopener \"><div class=\"uagb-marketing-btn__title-wrap\"><h6 class=\"uagb-marketing-btn__title\">Voir toutes les histoires de vie soumises ici<\/h6><\/div><div class=\"uagb-marketing-btn__prefix-wrap\"><p class=\"uagb-marketing-btn__prefix\"><\/p><\/div><\/a><\/div><\/div>","protected":false},"excerpt":{"rendered":"<p>Ingrid a soumis l'histoire de sa vie avec le TDAH et Borderline Un processus de traitement long et ardu pour Borderline suivi d'un diagnostic de TDAH depuis 1998 J'ai \u00e9t\u00e9 diagnostiqu\u00e9e avec...<\/p>","protected":false},"author":1,"featured_media":9660,"comment_status":"open","ping_status":"closed","sticky":false,"template":"","format":"standard","meta":{"_kad_post_transparent":"","_kad_post_title":"","_kad_post_layout":"","_kad_post_sidebar_id":"","_kad_post_content_style":"","_kad_post_vertical_padding":"","_kad_post_feature":"","_kad_post_feature_position":"","_kad_post_header":false,"_kad_post_footer":false,"_kad_post_classname":"","footnotes":""},"categories":[552,1506,1132,1162],"tags":[6,906,904,910,46,478],"class_list":["post-9608","post","type-post","status-publish","format-standard","has-post-thumbnail","hentry","category-levensverhalen","category-add-adhd","category-adhd-artikelen","category-volwassenen-met-add-adhd","tag-adhd","tag-adhd-en-borderline","tag-borderline","tag-ggz","tag-medicatie","tag-medicijnen"],"_links":{"self":[{"href":"https:\/\/www.addkenmerken.net\/fr\/wp-json\/wp\/v2\/posts\/9608","targetHints":{"allow":["GET"]}}],"collection":[{"href":"https:\/\/www.addkenmerken.net\/fr\/wp-json\/wp\/v2\/posts"}],"about":[{"href":"https:\/\/www.addkenmerken.net\/fr\/wp-json\/wp\/v2\/types\/post"}],"author":[{"embeddable":true,"href":"https:\/\/www.addkenmerken.net\/fr\/wp-json\/wp\/v2\/users\/1"}],"replies":[{"embeddable":true,"href":"https:\/\/www.addkenmerken.net\/fr\/wp-json\/wp\/v2\/comments?post=9608"}],"version-history":[{"count":0,"href":"https:\/\/www.addkenmerken.net\/fr\/wp-json\/wp\/v2\/posts\/9608\/revisions"}],"wp:featuredmedia":[{"embeddable":true,"href":"https:\/\/www.addkenmerken.net\/fr\/wp-json\/wp\/v2\/media\/9660"}],"wp:attachment":[{"href":"https:\/\/www.addkenmerken.net\/fr\/wp-json\/wp\/v2\/media?parent=9608"}],"wp:term":[{"taxonomy":"category","embeddable":true,"href":"https:\/\/www.addkenmerken.net\/fr\/wp-json\/wp\/v2\/categories?post=9608"},{"taxonomy":"post_tag","embeddable":true,"href":"https:\/\/www.addkenmerken.net\/fr\/wp-json\/wp\/v2\/tags?post=9608"}],"curies":[{"name":"wp","href":"https:\/\/api.w.org\/{rel}","templated":true}]}}